{"id":3033,"date":"2024-04-09T17:44:22","date_gmt":"2024-04-09T15:44:22","guid":{"rendered":"https:\/\/aquaclim.net\/?p=3033"},"modified":"2024-04-09T17:44:25","modified_gmt":"2024-04-09T15:44:25","slug":"futuro-climatizacion-aerotermia-normativa-europea","status":"publish","type":"post","link":"https:\/\/aquaclim.net\/index.php\/blog\/futuro-climatizacion-aerotermia-normativa-europea\/","title":{"rendered":"El futuro de la climatizaci\u00f3n: aerotermia ante la normativa europea"},"content":{"rendered":"\t\t<div data-elementor-type=\"wp-post\" data-elementor-id=\"3033\" class=\"elementor elementor-3033\" data-elementor-post-type=\"post\">\n\t\t\t\t<div class=\"elementor-element elementor-element-5c7bdd93 e-flex e-con-boxed e-con e-parent\" data-id=\"5c7bdd93\" data-element_type=\"container\" data-settings=\"{&quot;content_width&quot;:&quot;boxed&quot;}\" data-core-v316-plus=\"true\">\n\t\t\t\t\t<div class=\"e-con-inner\">\n\t\t\t\t<div class=\"elementor-element elementor-element-3d998b18 elementor-widget elementor-widget-text-editor\" data-id=\"3d998b18\" data-element_type=\"widget\" data-widget_type=\"text-editor.default\">\n\t\t\t\t<div class=\"elementor-widget-container\">\n\t\t\t<style>\/*! elementor - v3.19.0 - 29-01-2024 *\/\n.elementor-widget-text-editor.elementor-drop-cap-view-stacked .elementor-drop-cap{background-color:#69727d;color:#fff}.elementor-widget-text-editor.elementor-drop-cap-view-framed .elementor-drop-cap{color:#69727d;border:3px solid;background-color:transparent}.elementor-widget-text-editor:not(.elementor-drop-cap-view-default) .elementor-drop-cap{margin-top:8px}.elementor-widget-text-editor:not(.elementor-drop-cap-view-default) .elementor-drop-cap-letter{width:1em;height:1em}.elementor-widget-text-editor .elementor-drop-cap{float:left;text-align:center;line-height:1;font-size:50px}.elementor-widget-text-editor .elementor-drop-cap-letter{display:inline-block}<\/style>\t\t\t\t<!-- wp:paragraph -->\n<p>En un mundo cada vez m\u00e1s consciente de la necesidad de reducir las emisiones de carbono y promover la sostenibilidad, <strong>la elecci\u00f3n de sistemas de climatizaci\u00f3n eficientes y respetuosos con el medio ambiente se vuelve cada vez m\u00e1s crucial<\/strong>. En este sentido, la <a href=\"https:\/\/aquaclim.net\/index.php\/aerotermia\/\">aerotermia<\/a> emerge como una soluci\u00f3n tecnol\u00f3gica clave que no solo cumple con las demandas actuales de <a href=\"https:\/\/aquaclim.net\/index.php\/2024\/04\/03\/optimiza-eficiencia-energetica-aerotermia-energia-solar\/\">eficiencia energ\u00e9tica<\/a>, sino que tambi\u00e9n se alinea perfectamente con la nueva <a href=\"https:\/\/european-union.europa.eu\/institutions-law-budget\/law\/find-legislation_es\">normativa europea<\/a>.<\/p>\n<!-- \/wp:paragraph -->\t\t\t\t\t\t<\/div>\n\t\t\t\t<\/div>\n\t\t\t\t\t<\/div>\n\t\t\t\t<\/div>\n\t\t<div class=\"elementor-element elementor-element-d6fb3f6 e-flex e-con-boxed e-con e-parent\" data-id=\"d6fb3f6\" data-element_type=\"container\" data-settings=\"{&quot;content_width&quot;:&quot;boxed&quot;}\" data-core-v316-plus=\"true\">\n\t\t\t\t\t<div class=\"e-con-inner\">\n\t\t\t\t<div class=\"elementor-element elementor-element-9f40585 elementor-widget elementor-widget-image\" data-id=\"9f40585\" data-element_type=\"widget\" data-widget_type=\"image.default\">\n\t\t\t\t<div class=\"elementor-widget-container\">\n\t\t\t<style>\/*! elementor - v3.19.0 - 29-01-2024 *\/\n.elementor-widget-image{text-align:center}.elementor-widget-image a{display:inline-block}.elementor-widget-image a img[src$=\".svg\"]{width:48px}.elementor-widget-image img{vertical-align:middle;display:inline-block}<\/style>\t\t\t\t\t\t\t\t\t\t<img fetchpriority=\"high\" decoding=\"async\" width=\"449\" height=\"317\" src=\"https:\/\/aquaclim.net\/wp-content\/uploads\/2024\/03\/IMG-20240322-WA0002.jpg\" class=\"attachment-large size-large wp-image-2956\" alt=\"LA NUEVA NORMATIVA EUROPEA Y SU ENFOQUE EN LA EFICIENCIA ENERG\u00c9TICA\" srcset=\"https:\/\/aquaclim.net\/wp-content\/uploads\/2024\/03\/IMG-20240322-WA0002.jpg 449w, https:\/\/aquaclim.net\/wp-content\/uploads\/2024\/03\/IMG-20240322-WA0002-300x212.jpg 300w\" sizes=\"(max-width: 449px) 100vw, 449px\" \/>\t\t\t\t\t\t\t\t\t\t\t\t\t<\/div>\n\t\t\t\t<\/div>\n\t\t\t\t\t<\/div>\n\t\t\t\t<\/div>\n\t\t<div class=\"elementor-element elementor-element-7e08690 e-flex e-con-boxed e-con e-parent\" data-id=\"7e08690\" data-element_type=\"container\" data-settings=\"{&quot;content_width&quot;:&quot;boxed&quot;}\" data-core-v316-plus=\"true\">\n\t\t\t\t\t<div class=\"e-con-inner\">\n\t\t\t\t<div class=\"elementor-element elementor-element-f50c146 elementor-widget elementor-widget-heading\" data-id=\"f50c146\" data-element_type=\"widget\" data-widget_type=\"heading.default\">\n\t\t\t\t<div class=\"elementor-widget-container\">\n\t\t\t<style>\/*! elementor - v3.19.0 - 29-01-2024 *\/\n.elementor-heading-title{padding:0;margin:0;line-height:1}.elementor-widget-heading .elementor-heading-title[class*=elementor-size-]>a{color:inherit;font-size:inherit;line-height:inherit}.elementor-widget-heading .elementor-heading-title.elementor-size-small{font-size:15px}.elementor-widget-heading .elementor-heading-title.elementor-size-medium{font-size:19px}.elementor-widget-heading .elementor-heading-title.elementor-size-large{font-size:29px}.elementor-widget-heading .elementor-heading-title.elementor-size-xl{font-size:39px}.elementor-widget-heading .elementor-heading-title.elementor-size-xxl{font-size:59px}<\/style><h2 class=\"elementor-heading-title elementor-size-default\">La nueva normativa europea y su enfoque en la eficiencia energ\u00e9tica<\/h2>\t\t<\/div>\n\t\t\t\t<\/div>\n\t\t\t\t\t<\/div>\n\t\t\t\t<\/div>\n\t\t<div class=\"elementor-element elementor-element-7c41490 e-flex e-con-boxed e-con e-parent\" data-id=\"7c41490\" data-element_type=\"container\" data-settings=\"{&quot;content_width&quot;:&quot;boxed&quot;}\" data-core-v316-plus=\"true\">\n\t\t\t\t\t<div class=\"e-con-inner\">\n\t\t\t\t<div class=\"elementor-element elementor-element-8db2023 elementor-widget elementor-widget-text-editor\" data-id=\"8db2023\" data-element_type=\"widget\" data-widget_type=\"text-editor.default\">\n\t\t\t\t<div class=\"elementor-widget-container\">\n\t\t\t\t\t\t\t<p>La <a href=\"https:\/\/european-union.europa.eu\/index_es\">Uni\u00f3n Europea<\/a> est\u00e1 adoptando una serie de medidas ambiciosas para <strong>reducir las emisiones de carbono y promover la transici\u00f3n hacia una econom\u00eda m\u00e1s verde y sostenible<\/strong>. En este contexto, la nueva <a href=\"https:\/\/european-union.europa.eu\/index_es\">normativa europea<\/a> sobre eficiencia energ\u00e9tica establece est\u00e1ndares m\u00e1s estrictos para los sistemas de climatizaci\u00f3n en edificios residenciales y comerciales. Esto incluye la <strong>promoci\u00f3n de tecnolog\u00edas renovables y la reducci\u00f3n del uso de combustibles f\u00f3siles<\/strong> en favor de soluciones m\u00e1s limpias y eficientes.<\/p>\t\t\t\t\t\t<\/div>\n\t\t\t\t<\/div>\n\t\t\t\t\t<\/div>\n\t\t\t\t<\/div>\n\t\t<div class=\"elementor-element elementor-element-f732e92 e-flex e-con-boxed e-con e-parent\" data-id=\"f732e92\" data-element_type=\"container\" data-settings=\"{&quot;content_width&quot;:&quot;boxed&quot;}\" data-core-v316-plus=\"true\">\n\t\t\t\t\t<div class=\"e-con-inner\">\n\t\t\t\t<div class=\"elementor-element elementor-element-09fe965 elementor-widget elementor-widget-text-editor\" data-id=\"09fe965\" data-element_type=\"widget\" data-widget_type=\"text-editor.default\">\n\t\t\t\t<div class=\"elementor-widget-container\">\n\t\t\t\t\t\t\t<p>La <strong><a href=\"https:\/\/aquaclim.net\/index.php\/aerotermia\/\">aerotermia<\/a> se destaca como una opci\u00f3n ideal para cumplir con los requisitos de la nueva normativa europea sobre eficiencia energ\u00e9tica<\/strong>. Al aprovechar la energ\u00eda del aire exterior para proporcionar calefacci\u00f3n, refrigeraci\u00f3n y agua caliente sanitaria, la aerotermia ofrece un rendimiento excepcional en t\u00e9rminos de eficiencia energ\u00e9tica y <a href=\"https:\/\/www.miteco.gob.es\/es\/cambio-climatico\/temas\/mitigacion-politicas-y-medidas\/objetivos.html\">reducci\u00f3n de emisiones<\/a>. Adem\u00e1s, al ser una tecnolog\u00eda basada en energ\u00eda renovable, contribuye de manera significativa a la descarbonizaci\u00f3n de los edificios y a la mitigaci\u00f3n del cambio clim\u00e1tico.<\/p>\t\t\t\t\t\t<\/div>\n\t\t\t\t<\/div>\n\t\t\t\t\t<\/div>\n\t\t\t\t<\/div>\n\t\t<div class=\"elementor-element elementor-element-3c75073 e-flex e-con-boxed e-con e-parent\" data-id=\"3c75073\" data-element_type=\"container\" data-settings=\"{&quot;content_width&quot;:&quot;boxed&quot;}\" data-core-v316-plus=\"true\">\n\t\t\t\t\t<div class=\"e-con-inner\">\n\t\t\t\t<div class=\"elementor-element elementor-element-02b05cb elementor-widget elementor-widget-heading\" data-id=\"02b05cb\" data-element_type=\"widget\" data-widget_type=\"heading.default\">\n\t\t\t\t<div class=\"elementor-widget-container\">\n\t\t\t<h2 class=\"elementor-heading-title elementor-size-default\">Ventajas de la aerotermia frente a otras alternativas<\/h2>\t\t<\/div>\n\t\t\t\t<\/div>\n\t\t\t\t\t<\/div>\n\t\t\t\t<\/div>\n\t\t<div class=\"elementor-element elementor-element-8045912 e-flex e-con-boxed e-con e-parent\" data-id=\"8045912\" data-element_type=\"container\" data-settings=\"{&quot;content_width&quot;:&quot;boxed&quot;}\" data-core-v316-plus=\"true\">\n\t\t\t\t\t<div class=\"e-con-inner\">\n\t\t\t\t<div class=\"elementor-element elementor-element-6f7b5da elementor-widget elementor-widget-text-editor\" data-id=\"6f7b5da\" data-element_type=\"widget\" data-widget_type=\"text-editor.default\">\n\t\t\t\t<div class=\"elementor-widget-container\">\n\t\t\t\t\t\t\t<p>Comparada con otras opciones de climatizaci\u00f3n, como el <a href=\"https:\/\/ca.wikipedia.org\/wiki\/Gas_natural\">gas natural<\/a> o el <a href=\"https:\/\/ca.wikipedia.org\/wiki\/Gasoil\">gas\u00f3leo<\/a>, la <a href=\"https:\/\/aquaclim.net\/index.php\/2024\/03\/22\/funcionamiento-aerotermia-ventajas\/\">aerotermia<\/a> presenta una serie de ventajas claras en t\u00e9rminos de eficiencia, sostenibilidad y costos a largo plazo. Los sistemas de <strong>aerotermia son altamente eficientes y pueden reducir significativamente el consumo de energ\u00eda y las facturas de calefacci\u00f3n y refrigeraci\u00f3n<\/strong>. Adem\u00e1s, al <strong>eliminar la dependencia de los combustibles f\u00f3siles<\/strong>, ayudan a proteger contra la volatilidad de los precios del petr\u00f3leo y el gas, ofreciendo una mayor <strong>estabilidad financiera<\/strong> a los usuarios.<\/p>\t\t\t\t\t\t<\/div>\n\t\t\t\t<\/div>\n\t\t\t\t\t<\/div>\n\t\t\t\t<\/div>\n\t\t<div class=\"elementor-element elementor-element-3fac10e e-flex e-con-boxed e-con e-parent\" data-id=\"3fac10e\" data-element_type=\"container\" data-settings=\"{&quot;content_width&quot;:&quot;boxed&quot;}\" data-core-v316-plus=\"true\">\n\t\t\t\t\t<div class=\"e-con-inner\">\n\t\t\t\t<div class=\"elementor-element elementor-element-22f406d elementor-widget elementor-widget-text-editor\" data-id=\"22f406d\" data-element_type=\"widget\" data-widget_type=\"text-editor.default\">\n\t\t\t\t<div class=\"elementor-widget-container\">\n\t\t\t\t\t\t\t<p>En <a href=\"https:\/\/aquaclim.net\/\"><strong>AQUACLIM<\/strong><\/a>, estamos comprometidos en ofrecerte soluciones innovadoras y eficientes en climatizaci\u00f3n que cumplan con los est\u00e1ndares m\u00e1s exigentes de eficiencia energ\u00e9tica y sostenibilidad. Nuestros sistemas de aerotermia est\u00e1n dise\u00f1ados para ayudarte a cumplir con la nueva normativa europea y garantizar un futuro m\u00e1s limpio y saludable para todos.<\/p>\t\t\t\t\t\t<\/div>\n\t\t\t\t<\/div>\n\t\t\t\t\t<\/div>\n\t\t\t\t<\/div>\n\t\t<div class=\"elementor-element elementor-element-2ed14f4 e-flex e-con-boxed e-con e-parent\" data-id=\"2ed14f4\" data-element_type=\"container\" data-settings=\"{&quot;content_width&quot;:&quot;boxed&quot;}\" data-core-v316-plus=\"true\">\n\t\t\t\t\t<div class=\"e-con-inner\">\n\t\t\t\t<div class=\"elementor-element elementor-element-41e0453 elementor-widget elementor-widget-text-editor\" data-id=\"41e0453\" data-element_type=\"widget\" data-widget_type=\"text-editor.default\">\n\t\t\t\t<div class=\"elementor-widget-container\">\n\t\t\t\t\t\t\t<p>\u00a1Cont\u00e1ctanos hoy mismo para descubrir c\u00f3mo podemos ayudarte en la transici\u00f3n hacia la aerotermia y aprovechar al m\u00e1ximo los beneficios de esta tecnolog\u00eda de vanguardia!<\/p>\t\t\t\t\t\t<\/div>\n\t\t\t\t<\/div>\n\t\t\t\t\t<\/div>\n\t\t\t\t<\/div>\n\t\t\t\t<\/div>\n\t\t","protected":false},"excerpt":{"rendered":"<p>La aerotermia es una soluci\u00f3n clave que no solo cumple con la eficiencia energ\u00e9tica, sino que tambi\u00e9n se alinea con la nueva normativa europea<\/p>\n","protected":false},"author":4,"featured_media":2956,"comment_status":"open","ping_status":"open","sticky":false,"template":"","format":"standard","meta":{"_joinchat":[],"footnotes":""},"categories":[29],"tags":[],"class_list":["post-3033","post","type-post","status-publish","format-standard","has-post-thumbnail","hentry","category-didactico","entry","has-media"],"yoast_head":"<!-- This site is optimized with the Yoast SEO Premium plugin v21.9 (Yoast SEO v21.9.1) - https:\/\/yoast.com\/wordpress\/plugins\/seo\/ -->\n<title>El futuro de la climatizaci\u00f3n: aerotermia ante la normativa europea - AQUACLIM<\/title>\n<meta name=\"description\" content=\"La aerotermia es una soluci\u00f3n clave que no solo cumple con la eficiencia energ\u00e9tica, sino que tambi\u00e9n se alinea con la nueva normativa europea\" \/>\n<meta name=\"robots\" content=\"index, follow, max-snippet:-1, max-image-preview:large, max-video-preview:-1\" \/>\n<link rel=\"canonical\" href=\"https:\/\/aquaclim.net\/index.php\/blog\/futuro-climatizacion-aerotermia-normativa-europea\/\" \/>\n<meta property=\"og:locale\" content=\"en_US\" \/>\n<meta property=\"og:type\" content=\"article\" \/>\n<meta property=\"og:title\" content=\"El futuro de la climatizaci\u00f3n: aerotermia ante la normativa europea\" \/>\n<meta property=\"og:description\" content=\"La aerotermia es una soluci\u00f3n clave que no solo cumple con la eficiencia energ\u00e9tica, sino que tambi\u00e9n se alinea con la nueva normativa europea\" \/>\n<meta property=\"og:url\" content=\"https:\/\/aquaclim.net\/index.php\/blog\/futuro-climatizacion-aerotermia-normativa-europea\/\" \/>\n<meta property=\"og:site_name\" content=\"AQUACLIM\" \/>\n<meta property=\"article:publisher\" content=\"https:\/\/www.facebook.com\/aquaclim\/\" \/>\n<meta property=\"article:published_time\" content=\"2024-04-09T15:44:22+00:00\" \/>\n<meta property=\"article:modified_time\" content=\"2024-04-09T15:44:25+00:00\" \/>\n<meta property=\"og:image\" content=\"https:\/\/aquaclim.net\/wp-content\/uploads\/2024\/03\/IMG-20240322-WA0002.jpg\" \/>\n\t<meta property=\"og:image:width\" content=\"449\" \/>\n\t<meta property=\"og:image:height\" content=\"317\" \/>\n\t<meta property=\"og:image:type\" content=\"image\/jpeg\" \/>\n<meta name=\"author\" content=\"Natalia\" \/>\n<meta name=\"twitter:card\" content=\"summary_large_image\" \/>\n<meta name=\"twitter:label1\" content=\"Written by\" \/>\n\t<meta name=\"twitter:data1\" content=\"Natalia\" \/>\n\t<meta name=\"twitter:label2\" content=\"Est. reading time\" \/>\n\t<meta name=\"twitter:data2\" content=\"3 minutes\" \/>\n<script type=\"application\/ld+json\" class=\"yoast-schema-graph\">{\"@context\":\"https:\/\/schema.org\",\"@graph\":[{\"@type\":\"Article\",\"@id\":\"https:\/\/aquaclim.net\/index.php\/blog\/futuro-climatizacion-aerotermia-normativa-europea\/#article\",\"isPartOf\":{\"@id\":\"https:\/\/aquaclim.net\/index.php\/blog\/futuro-climatizacion-aerotermia-normativa-europea\/\"},\"author\":{\"name\":\"Natalia\",\"@id\":\"https:\/\/aquaclim.net\/#\/schema\/person\/8cd5dc1e4774f64178f1107320d6fe7f\"},\"headline\":\"El futuro de la climatizaci\u00f3n: aerotermia ante la normativa europea\",\"datePublished\":\"2024-04-09T15:44:22+00:00\",\"dateModified\":\"2024-04-09T15:44:25+00:00\",\"mainEntityOfPage\":{\"@id\":\"https:\/\/aquaclim.net\/index.php\/blog\/futuro-climatizacion-aerotermia-normativa-europea\/\"},\"wordCount\":494,\"commentCount\":0,\"publisher\":{\"@id\":\"https:\/\/aquaclim.net\/#organization\"},\"articleSection\":[\"Did\u00e1ctico\"],\"inLanguage\":\"en-US\",\"potentialAction\":[{\"@type\":\"CommentAction\",\"name\":\"Comment\",\"target\":[\"https:\/\/aquaclim.net\/index.php\/blog\/futuro-climatizacion-aerotermia-normativa-europea\/#respond\"]}]},{\"@type\":\"WebPage\",\"@id\":\"https:\/\/aquaclim.net\/index.php\/blog\/futuro-climatizacion-aerotermia-normativa-europea\/\",\"url\":\"https:\/\/aquaclim.net\/index.php\/blog\/futuro-climatizacion-aerotermia-normativa-europea\/\",\"name\":\"El futuro de la climatizaci\u00f3n: aerotermia ante la normativa europea - AQUACLIM\",\"isPartOf\":{\"@id\":\"https:\/\/aquaclim.net\/#website\"},\"datePublished\":\"2024-04-09T15:44:22+00:00\",\"dateModified\":\"2024-04-09T15:44:25+00:00\",\"description\":\"La aerotermia es una soluci\u00f3n clave que no solo cumple con la eficiencia energ\u00e9tica, sino que tambi\u00e9n se alinea con la nueva normativa europea\",\"breadcrumb\":{\"@id\":\"https:\/\/aquaclim.net\/index.php\/blog\/futuro-climatizacion-aerotermia-normativa-europea\/#breadcrumb\"},\"inLanguage\":\"en-US\",\"potentialAction\":[{\"@type\":\"ReadAction\",\"target\":[\"https:\/\/aquaclim.net\/index.php\/blog\/futuro-climatizacion-aerotermia-normativa-europea\/\"]}]},{\"@type\":\"BreadcrumbList\",\"@id\":\"https:\/\/aquaclim.net\/index.php\/blog\/futuro-climatizacion-aerotermia-normativa-europea\/#breadcrumb\",\"itemListElement\":[{\"@type\":\"ListItem\",\"position\":1,\"name\":\"Portada\",\"item\":\"https:\/\/aquaclim.net\/\"},{\"@type\":\"ListItem\",\"position\":2,\"name\":\"El futuro de la climatizaci\u00f3n: aerotermia ante la normativa europea\"}]},{\"@type\":\"WebSite\",\"@id\":\"https:\/\/aquaclim.net\/#website\",\"url\":\"https:\/\/aquaclim.net\/\",\"name\":\"AQUACLIM\",\"description\":\"Aerotermia | Aire acondicionado | Climatizaci\u00f3n y ventilaci\u00f3n | Fontaner\u00eda\",\"publisher\":{\"@id\":\"https:\/\/aquaclim.net\/#organization\"},\"potentialAction\":[{\"@type\":\"SearchAction\",\"target\":{\"@type\":\"EntryPoint\",\"urlTemplate\":\"https:\/\/aquaclim.net\/?s={search_term_string}\"},\"query-input\":\"required name=search_term_string\"}],\"inLanguage\":\"en-US\"},{\"@type\":\"Organization\",\"@id\":\"https:\/\/aquaclim.net\/#organization\",\"name\":\"AQUACLIM\",\"url\":\"https:\/\/aquaclim.net\/\",\"logo\":{\"@type\":\"ImageObject\",\"inLanguage\":\"en-US\",\"@id\":\"https:\/\/aquaclim.net\/#\/schema\/logo\/image\/\",\"url\":\"https:\/\/aquaclim.net\/wp-content\/uploads\/2024\/01\/aquaclim-logo.png\",\"contentUrl\":\"https:\/\/aquaclim.net\/wp-content\/uploads\/2024\/01\/aquaclim-logo.png\",\"width\":867,\"height\":200,\"caption\":\"AQUACLIM\"},\"image\":{\"@id\":\"https:\/\/aquaclim.net\/#\/schema\/logo\/image\/\"},\"sameAs\":[\"https:\/\/www.facebook.com\/aquaclim\/\",\"https:\/\/www.instagram.com\/aquaclim_\",\"https:\/\/www.linkedin.com\/company\/101549175\"]},{\"@type\":\"Person\",\"@id\":\"https:\/\/aquaclim.net\/#\/schema\/person\/8cd5dc1e4774f64178f1107320d6fe7f\",\"name\":\"Natalia\",\"image\":{\"@type\":\"ImageObject\",\"inLanguage\":\"en-US\",\"@id\":\"https:\/\/aquaclim.net\/#\/schema\/person\/image\/\",\"url\":\"https:\/\/secure.gravatar.com\/avatar\/1233670de20f42add6d8bc33814b086e09e36d416113735ac2f6a5bd2b3fc0eb?s=96&d=mm&r=g\",\"contentUrl\":\"https:\/\/secure.gravatar.com\/avatar\/1233670de20f42add6d8bc33814b086e09e36d416113735ac2f6a5bd2b3fc0eb?s=96&d=mm&r=g\",\"caption\":\"Natalia\"},\"url\":\"https:\/\/aquaclim.net\/index.php\/blog\/author\/info\/\"}]}<\/script>\n<!-- \/ Yoast SEO Premium plugin. -->","yoast_head_json":{"title":"El futuro de la climatizaci\u00f3n: aerotermia ante la normativa europea - AQUACLIM","description":"La aerotermia es una soluci\u00f3n clave que no solo cumple con la eficiencia energ\u00e9tica, sino que tambi\u00e9n se alinea con la nueva normativa europea","robots":{"index":"index","follow":"follow","max-snippet":"max-snippet:-1","max-image-preview":"max-image-preview:large","max-video-preview":"max-video-preview:-1"},"canonical":"https:\/\/aquaclim.net\/index.php\/blog\/futuro-climatizacion-aerotermia-normativa-europea\/","og_locale":"en_US","og_type":"article","og_title":"El futuro de la climatizaci\u00f3n: aerotermia ante la normativa europea","og_description":"La aerotermia es una soluci\u00f3n clave que no solo cumple con la eficiencia energ\u00e9tica, sino que tambi\u00e9n se alinea con la nueva normativa europea","og_url":"https:\/\/aquaclim.net\/index.php\/blog\/futuro-climatizacion-aerotermia-normativa-europea\/","og_site_name":"AQUACLIM","article_publisher":"https:\/\/www.facebook.com\/aquaclim\/","article_published_time":"2024-04-09T15:44:22+00:00","article_modified_time":"2024-04-09T15:44:25+00:00","og_image":[{"width":449,"height":317,"url":"https:\/\/aquaclim.net\/wp-content\/uploads\/2024\/03\/IMG-20240322-WA0002.jpg","type":"image\/jpeg"}],"author":"Natalia","twitter_card":"summary_large_image","twitter_misc":{"Written by":"Natalia","Est. reading time":"3 minutes"},"schema":{"@context":"https:\/\/schema.org","@graph":[{"@type":"Article","@id":"https:\/\/aquaclim.net\/index.php\/blog\/futuro-climatizacion-aerotermia-normativa-europea\/#article","isPartOf":{"@id":"https:\/\/aquaclim.net\/index.php\/blog\/futuro-climatizacion-aerotermia-normativa-europea\/"},"author":{"name":"Natalia","@id":"https:\/\/aquaclim.net\/#\/schema\/person\/8cd5dc1e4774f64178f1107320d6fe7f"},"headline":"El futuro de la climatizaci\u00f3n: aerotermia ante la normativa europea","datePublished":"2024-04-09T15:44:22+00:00","dateModified":"2024-04-09T15:44:25+00:00","mainEntityOfPage":{"@id":"https:\/\/aquaclim.net\/index.php\/blog\/futuro-climatizacion-aerotermia-normativa-europea\/"},"wordCount":494,"commentCount":0,"publisher":{"@id":"https:\/\/aquaclim.net\/#organization"},"articleSection":["Did\u00e1ctico"],"inLanguage":"en-US","potentialAction":[{"@type":"CommentAction","name":"Comment","target":["https:\/\/aquaclim.net\/index.php\/blog\/futuro-climatizacion-aerotermia-normativa-europea\/#respond"]}]},{"@type":"WebPage","@id":"https:\/\/aquaclim.net\/index.php\/blog\/futuro-climatizacion-aerotermia-normativa-europea\/","url":"https:\/\/aquaclim.net\/index.php\/blog\/futuro-climatizacion-aerotermia-normativa-europea\/","name":"El futuro de la climatizaci\u00f3n: aerotermia ante la normativa europea - AQUACLIM","isPartOf":{"@id":"https:\/\/aquaclim.net\/#website"},"datePublished":"2024-04-09T15:44:22+00:00","dateModified":"2024-04-09T15:44:25+00:00","description":"La aerotermia es una soluci\u00f3n clave que no solo cumple con la eficiencia energ\u00e9tica, sino que tambi\u00e9n se alinea con la nueva normativa europea","breadcrumb":{"@id":"https:\/\/aquaclim.net\/index.php\/blog\/futuro-climatizacion-aerotermia-normativa-europea\/#breadcrumb"},"inLanguage":"en-US","potentialAction":[{"@type":"ReadAction","target":["https:\/\/aquaclim.net\/index.php\/blog\/futuro-climatizacion-aerotermia-normativa-europea\/"]}]},{"@type":"BreadcrumbList","@id":"https:\/\/aquaclim.net\/index.php\/blog\/futuro-climatizacion-aerotermia-normativa-europea\/#breadcrumb","itemListElement":[{"@type":"ListItem","position":1,"name":"Portada","item":"https:\/\/aquaclim.net\/"},{"@type":"ListItem","position":2,"name":"El futuro de la climatizaci\u00f3n: aerotermia ante la normativa europea"}]},{"@type":"WebSite","@id":"https:\/\/aquaclim.net\/#website","url":"https:\/\/aquaclim.net\/","name":"AQUACLIM","description":"Aerotermia | Aire acondicionado | Climatizaci\u00f3n y ventilaci\u00f3n | Fontaner\u00eda","publisher":{"@id":"https:\/\/aquaclim.net\/#organization"},"potentialAction":[{"@type":"SearchAction","target":{"@type":"EntryPoint","urlTemplate":"https:\/\/aquaclim.net\/?s={search_term_string}"},"query-input":"required name=search_term_string"}],"inLanguage":"en-US"},{"@type":"Organization","@id":"https:\/\/aquaclim.net\/#organization","name":"AQUACLIM","url":"https:\/\/aquaclim.net\/","logo":{"@type":"ImageObject","inLanguage":"en-US","@id":"https:\/\/aquaclim.net\/#\/schema\/logo\/image\/","url":"https:\/\/aquaclim.net\/wp-content\/uploads\/2024\/01\/aquaclim-logo.png","contentUrl":"https:\/\/aquaclim.net\/wp-content\/uploads\/2024\/01\/aquaclim-logo.png","width":867,"height":200,"caption":"AQUACLIM"},"image":{"@id":"https:\/\/aquaclim.net\/#\/schema\/logo\/image\/"},"sameAs":["https:\/\/www.facebook.com\/aquaclim\/","https:\/\/www.instagram.com\/aquaclim_","https:\/\/www.linkedin.com\/company\/101549175"]},{"@type":"Person","@id":"https:\/\/aquaclim.net\/#\/schema\/person\/8cd5dc1e4774f64178f1107320d6fe7f","name":"Natalia","image":{"@type":"ImageObject","inLanguage":"en-US","@id":"https:\/\/aquaclim.net\/#\/schema\/person\/image\/","url":"https:\/\/secure.gravatar.com\/avatar\/1233670de20f42add6d8bc33814b086e09e36d416113735ac2f6a5bd2b3fc0eb?s=96&d=mm&r=g","contentUrl":"https:\/\/secure.gravatar.com\/avatar\/1233670de20f42add6d8bc33814b086e09e36d416113735ac2f6a5bd2b3fc0eb?s=96&d=mm&r=g","caption":"Natalia"},"url":"https:\/\/aquaclim.net\/index.php\/blog\/author\/info\/"}]}},"_links":{"self":[{"href":"https:\/\/aquaclim.net\/index.php\/wp-json\/wp\/v2\/posts\/3033","targetHints":{"allow":["GET"]}}],"collection":[{"href":"https:\/\/aquaclim.net\/index.php\/wp-json\/wp\/v2\/posts"}],"about":[{"href":"https:\/\/aquaclim.net\/index.php\/wp-json\/wp\/v2\/types\/post"}],"author":[{"embeddable":true,"href":"https:\/\/aquaclim.net\/index.php\/wp-json\/wp\/v2\/users\/4"}],"replies":[{"embeddable":true,"href":"https:\/\/aquaclim.net\/index.php\/wp-json\/wp\/v2\/comments?post=3033"}],"version-history":[{"count":12,"href":"https:\/\/aquaclim.net\/index.php\/wp-json\/wp\/v2\/posts\/3033\/revisions"}],"predecessor-version":[{"id":3048,"href":"https:\/\/aquaclim.net\/index.php\/wp-json\/wp\/v2\/posts\/3033\/revisions\/3048"}],"wp:featuredmedia":[{"embeddable":true,"href":"https:\/\/aquaclim.net\/index.php\/wp-json\/wp\/v2\/media\/2956"}],"wp:attachment":[{"href":"https:\/\/aquaclim.net\/index.php\/wp-json\/wp\/v2\/media?parent=3033"}],"wp:term":[{"taxonomy":"category","embeddable":true,"href":"https:\/\/aquaclim.net\/index.php\/wp-json\/wp\/v2\/categories?post=3033"},{"taxonomy":"post_tag","embeddable":true,"href":"https:\/\/aquaclim.net\/index.php\/wp-json\/wp\/v2\/tags?post=3033"}],"curies":[{"name":"wp","href":"https:\/\/api.w.org\/{rel}","templated":true}]}}